{"id":10997,"date":"2018-05-25T13:13:28","date_gmt":"2018-05-25T18:13:28","guid":{"rendered":"http:\/\/relais-communautaire.org\/page\/?p=10997"},"modified":"2018-05-25T15:23:43","modified_gmt":"2018-05-25T20:23:43","slug":"campagne-de-financement-pour-le-relais","status":"publish","type":"post","link":"https:\/\/relais-communautaire.org\/page\/10997\/","title":{"rendered":"Campagne de financement pour le Relais"},"content":{"rendered":"<p><iframe loading=\"lazy\" width=\"1170\" height=\"658\" src=\"https:\/\/www.youtube.com\/embed\/wRKEjA69mDk?feature=oembed\" frameborder=\"0\" allow=\"autoplay; encrypted-media\" allowfullscreen><\/iframe><\/p>\n<div class=\"text_exposed_show\">\n<p>Un souper spaghetti au b\u00e9n\u00e9fice du Relais Communautaire de Laval, offert \u00e0 l\u2019initiative de St\u00e9phane Boyer, conseiller municipal de \u00a0Duverney-Point-Viau se d<span style=\"color: #000000;\">\u00e9roulera <strong>le jeudi 7 juin 2018 entre 18h30 et 20h30<\/strong>.<\/span><\/p>\n<p><!--more--><\/p>\n<p>Ce soutien financier aidera le Relais \u00e0 faire face aux cons\u00e9quences du vandalisme subi r\u00e9cemment.<\/p>\n<p>Les billets achet\u00e9s en ligne sont disponibles ici:\u00a0<span style=\"color: #008080;\"><strong><a style=\"color: #008080;\" href=\"https:\/\/www.eventbrite.com\/e\/souper-benefice-pour-le-relais-communautaire-de-laval-tickets-45555966121\">Souper b\u00e9n\u00e9fice au Relais Communautaire\u00a0<\/a><\/strong><\/span><\/p>\n<p>Tous vos amis seront les bienvenus pour partager ce repas convivial et nous vous invitons \u00e0 m\u00e9diatiser au maximum cette initiative autour de vous, via vos contacts et vos r\u00e9seaux sociaux.<\/p>\n<h4>Un grand merci pour votre appui ind\u00e9fectible.<\/h4>\n<\/div>\n<p>&nbsp;<\/p>\n<p>&nbsp;<\/p>\n","protected":false},"excerpt":{"rendered":"<p>Un souper spaghetti au b\u00e9n\u00e9fice du Relais Communautaire de Laval, offert \u00e0 l\u2019initiative de St\u00e9phane Boyer, conseiller municipal de \u00a0Duverney-Point-Viau se d\u00e9roulera le jeudi 7 juin 2018 entre 18h30 et [&hellip;]<\/p>\n","protected":false},"author":3,"featured_media":10999,"comment_status":"open","ping_status":"open","sticky":false,"template":"","format":"standard","meta":{"_jetpack_memberships_contains_paid_content":false,"footnotes":""},"categories":[67,20],"tags":[116,115,117],"class_list":["post-10997","post","type-post","status-publish","format-standard","has-post-thumbnail","hentry","category-uncategorized-fr","category-video-fr","tag-levee-des-fonds","tag-souper-spaghetti","tag-vandalisme-au-relais"],"jetpack_featured_media_url":"https:\/\/relais-communautaire.org\/page\/wp-content\/uploads\/2018\/05\/2.png","jetpack_sharing_enabled":true,"_links":{"self":[{"href":"https:\/\/relais-communautaire.org\/page\/wp-json\/wp\/v2\/posts\/10997","targetHints":{"allow":["GET"]}}],"collection":[{"href":"https:\/\/relais-communautaire.org\/page\/wp-json\/wp\/v2\/posts"}],"about":[{"href":"https:\/\/relais-communautaire.org\/page\/wp-json\/wp\/v2\/types\/post"}],"author":[{"embeddable":true,"href":"https:\/\/relais-communautaire.org\/page\/wp-json\/wp\/v2\/users\/3"}],"replies":[{"embeddable":true,"href":"https:\/\/relais-communautaire.org\/page\/wp-json\/wp\/v2\/comments?post=10997"}],"version-history":[{"count":0,"href":"https:\/\/relais-communautaire.org\/page\/wp-json\/wp\/v2\/posts\/10997\/revisions"}],"wp:featuredmedia":[{"embeddable":true,"href":"https:\/\/relais-communautaire.org\/page\/wp-json\/wp\/v2\/media\/10999"}],"wp:attachment":[{"href":"https:\/\/relais-communautaire.org\/page\/wp-json\/wp\/v2\/media?parent=10997"}],"wp:term":[{"taxonomy":"category","embeddable":true,"href":"https:\/\/relais-communautaire.org\/page\/wp-json\/wp\/v2\/categories?post=10997"},{"taxonomy":"post_tag","embeddable":true,"href":"https:\/\/relais-communautaire.org\/page\/wp-json\/wp\/v2\/tags?post=10997"}],"curies":[{"name":"wp","href":"https:\/\/api.w.org\/{rel}","templated":true}]}}