{"id":13038,"date":"2021-05-26T10:03:36","date_gmt":"2021-05-26T14:03:36","guid":{"rendered":"https:\/\/relais-communautaire.org\/page\/?p=13038"},"modified":"2021-05-26T13:34:58","modified_gmt":"2021-05-26T17:34:58","slug":"soiree-de-reconnaissance-des-benevoles-2021","status":"publish","type":"post","link":"https:\/\/relais-communautaire.org\/page\/13038\/","title":{"rendered":"Soir\u00e9e de reconnaissance des b\u00e9n\u00e9voles 2021"},"content":{"rendered":"\n<h4><strong><em>Une soir\u00e9e incroyable, pleine de beaux t\u00e9moignages de nos volontaires. <\/em><\/strong><\/h4>\n<p>\u00a0<\/p>\n<p>Vous pouvez revivre ici l&#8217;\u00e9mission en direct que nous avons r\u00e9alis\u00e9 vendredi dernier, <strong>le 21 mai 2021<\/strong>, \u00e0 notre Relais Communautaire \u00e0 Laval.<\/p>\n<p>\u00a0<\/p>\n<p>Le pr\u00e9sident de notre CA, Monsieur Patrick Martineau et notre directrice g\u00e9n\u00e9rale Madame Lana Kanaan, ont donn\u00e9 l&#8217;ouverture \u00e0 une fabuleuse soir\u00e9e pleine de lumi\u00e8res, de <em>glamour<\/em> et d&#8217;\u00e9motions sous le th\u00e8me <strong>&#8220;B\u00e9n\u00e9voler, c&#8217;est chic !&#8221;<\/strong><\/p>\n<p>\u00a0<\/p>\n<p>Nous avons d\u00e9but\u00e9 par la r\u00e9ception d\u2019un g\u00e9n\u00e9reux don de 5 000 $ de <a href=\"http:\/\/www.assnat.qc.ca\/fr\/deputes\/polo-saul-15407\/index.html\">M. Saul Polo<\/a>, d\u00e9put\u00e9 du Parti lib\u00e9ral du Qu\u00e9bec pour Laval-des-Rapides \u00e0 l&#8217;Assembl\u00e9e nationale du Qu\u00e9bec. Monsieur Polo s&#8217;est toujours distingu\u00e9 par son soutien continu \u00e0 notre organisme.<\/p>\n<p>\u00a0<\/p>\n<p>Nous tenons \u00e9galement \u00e0 souligner la participation de nos invit\u00e9s sp\u00e9ciaux :<\/p>\n<p>\u00a0<\/p>\n<ul>\n<li><strong>Turki El Masri<\/strong>, notre plus jeune volontaire<\/li>\n<li><strong>La famille Beaulac<\/strong> dont ses membres ont re\u00e7u la bont\u00e9 en h\u00e9ritage<\/li>\n<li><strong>Isabelle Dion<\/strong>, une b\u00e9n\u00e9vole en or travaillant au Centre de Service Scolaire de Laval et sa fille, l\u2019exceptionnelle <strong>Sarah-Jeanne Desautels<\/strong>, qui a donn\u00e9 une entrevue inoubliable<\/li>\n<\/ul>\n<p>\u00a0<\/p>\n<p>Pour couronner le tout, nous avons rendu hommage \u00e0 notre b\u00e9n\u00e9vole de l&#8217;ann\u00e9e, <strong>MICHEL BEAUDRY<\/strong>, en lui offrant une plaque de reconnaissance et toute notre admiration.<\/p>\n<p>\u00a0<\/p>\n<p>Un grand merci \u00e0 nos commanditaires :<\/p>\n<p>\u00a0<\/p>\n<ul>\n<li><a href=\"https:\/\/www.facebook.com\/sboyer.ml\">St\u00e9phane Boyer<\/a>, maire suppl\u00e9ant de Laval<\/li>\n<li><a href=\"https:\/\/www.noscommunes.ca\/members\/fr\/annie-koutrakis(105009)\">Annie Koutrakis<\/a>, d\u00e9put\u00e9e de Vimy<\/li>\n<li><a href=\"http:\/\/www.assnat.qc.ca\/fr\/deputes\/polo-saul-15407\/index.html\">Saul Polo<\/a>, d\u00e9put\u00e9 du Parti Lib\u00e9ral du Qu\u00e9bec pour Laval-des-Rapides \u00e0 l&#8217;Assembl\u00e9e nationale du Qu\u00e9bec<\/li>\n<\/ul>\n<p>\u00a0<\/p>\n<p>Nous remercions tout particuli\u00e8rement notre artiste invit\u00e9, <a href=\"https:\/\/www.instagram.com\/fadikod\/\">Fadi Kod<\/a>, qui a enchant\u00e9 le public avec sa performance vibrante.<\/p>\n<p>\u00a0<\/p>\n<h3>Un grand merci \u00e0 chacun de nos b\u00e9n\u00e9voles qui ont donn\u00e9 de leur temps cette ann\u00e9e. Sans vous, rien n&#8217;est possible. Merci pour votre engagement, votre soutien et votre d\u00e9vouement.<\/h3>\n<p><iframe loading=\"lazy\" title=\"YouTube video player\" src=\"https:\/\/www.youtube.com\/embed\/OrweRcxoIVg\" width=\"1856\" height=\"838\" frameborder=\"0\" allowfullscreen=\"allowfullscreen\"><\/iframe><\/p>\n","protected":false},"excerpt":{"rendered":"Une soir\u00e9e incroyable, pleine de beaux t\u00e9moignages de nos volontaires. \u00a0 Vous pouvez revivre ici l'\u00e9mission en direct que nous avons r\u00e9alis\u00e9 vendredi dernier, le 21 mai 2021, \u00e0 notre [...]","protected":false},"author":3,"featured_media":13040,"comment_status":"open","ping_status":"open","sticky":false,"template":"","format":"standard","meta":{"_jetpack_memberships_contains_paid_content":false,"footnotes":""},"categories":[97,96,100],"tags":[],"class_list":["post-13038","post","type-post","status-publish","format-standard","has-post-thumbnail","hentry","category-benevoles","category-centre-de-jour","category-fetes"],"jetpack_featured_media_url":"https:\/\/relais-communautaire.org\/page\/wp-content\/uploads\/2021\/05\/Soiree-de-reconnaissance-des-benevoles-2021.jpg","jetpack_sharing_enabled":true,"_links":{"self":[{"href":"https:\/\/relais-communautaire.org\/page\/wp-json\/wp\/v2\/posts\/13038","targetHints":{"allow":["GET"]}}],"collection":[{"href":"https:\/\/relais-communautaire.org\/page\/wp-json\/wp\/v2\/posts"}],"about":[{"href":"https:\/\/relais-communautaire.org\/page\/wp-json\/wp\/v2\/types\/post"}],"author":[{"embeddable":true,"href":"https:\/\/relais-communautaire.org\/page\/wp-json\/wp\/v2\/users\/3"}],"replies":[{"embeddable":true,"href":"https:\/\/relais-communautaire.org\/page\/wp-json\/wp\/v2\/comments?post=13038"}],"version-history":[{"count":7,"href":"https:\/\/relais-communautaire.org\/page\/wp-json\/wp\/v2\/posts\/13038\/revisions"}],"predecessor-version":[{"id":13054,"href":"https:\/\/relais-communautaire.org\/page\/wp-json\/wp\/v2\/posts\/13038\/revisions\/13054"}],"wp:featuredmedia":[{"embeddable":true,"href":"https:\/\/relais-communautaire.org\/page\/wp-json\/wp\/v2\/media\/13040"}],"wp:attachment":[{"href":"https:\/\/relais-communautaire.org\/page\/wp-json\/wp\/v2\/media?parent=13038"}],"wp:term":[{"taxonomy":"category","embeddable":true,"href":"https:\/\/relais-communautaire.org\/page\/wp-json\/wp\/v2\/categories?post=13038"},{"taxonomy":"post_tag","embeddable":true,"href":"https:\/\/relais-communautaire.org\/page\/wp-json\/wp\/v2\/tags?post=13038"}],"curies":[{"name":"wp","href":"https:\/\/api.w.org\/{rel}","templated":true}]}}